{"id":92,"date":"2008-10-05T22:35:46","date_gmt":"2008-10-05T20:35:46","guid":{"rendered":"http:\/\/incobe.ch\/webblog\/?p=92"},"modified":"2008-10-30T22:49:39","modified_gmt":"2008-10-30T20:49:39","slug":"2-tag-auf-mallorca","status":"publish","type":"post","link":"https:\/\/incobe.ch\/webblog\/?p=92","title":{"rendered":"3. Tag auf Mallorca"},"content":{"rendered":"<p><a title=\"Unterwegs nach Pallen\u00e7a...\" rel=\"lightbox\" href=\"https:\/\/incobe.ch\/webblog\/wp-content\/myfotos\/mallorca2008\/mallorca (5).JPG\"><img loading=\"lazy\" decoding=\"async\" class=\"alignright\" style=\"float: right;\" src=\"https:\/\/incobe.ch\/webblog\/wp-content\/myfotos\/mallorca2008\/mallorca (5).JPG\" alt=\"Unterwegs nach Pallen\u00e7a...\" width=\"125\" height=\"75\" \/><\/a><br \/>\nBei sch\u00f6nstem Wetter zum Markt in Pallen\u00e7a.<br \/>\n<a title=\"In Pallen\u00e7a...\" rel=\"lightbox\" href=\"https:\/\/incobe.ch\/webblog\/wp-content\/myfotos\/mallorca2008\/mallorca (6).JPG\"><img loading=\"lazy\" decoding=\"async\" class=\"alignright\" style=\"float: right;\" src=\"https:\/\/incobe.ch\/webblog\/wp-content\/myfotos\/mallorca2008\/mallorca (6).JPG\" alt=\"In Pallen\u00e7a...\" width=\"75\" height=\"125\" \/><\/a><\/p>\n<p>Enge Gassen, frische Fr\u00fcchte, viel Ramsch&#8230;<\/p>\n<p><a title=\"Wieder am Strand...\" rel=\"lightbox\" href=\"https:\/\/incobe.ch\/webblog\/wp-content\/myfotos\/mallorca2008\/mallorca (3).JPG\"><img loading=\"lazy\" decoding=\"async\" class=\"alignright\" style=\"float: right;\" src=\"https:\/\/incobe.ch\/webblog\/wp-content\/myfotos\/mallorca2008\/mallorca (3).JPG\" alt=\"Wieder am Strand...\" width=\"125\" height=\"75\" \/><\/a><\/p>\n<p>Nachher wieder ab an den Strand<\/p>\n","protected":false},"excerpt":{"rendered":"<p>Bei sch\u00f6nstem Wetter zum Markt in Pallen\u00e7a. Enge Gassen, frische Fr\u00fcchte, viel Ramsch&#8230; Nachher wieder ab an den Strand<\/p>\n","protected":false},"author":2,"featured_media":0,"comment_status":"open","ping_status":"open","sticky":false,"template":"","format":"standard","meta":{"ngg_post_thumbnail":0,"footnotes":""},"categories":[72],"tags":[73,74,75],"class_list":["post-92","post","type-post","status-publish","format-standard","hentry","category-ferien","tag-mallorca","tag-peter-maffay","tag-tabaluga","item-wrap"],"jetpack_featured_media_url":"","_links":{"self":[{"href":"https:\/\/incobe.ch\/webblog\/index.php?rest_route=\/wp\/v2\/posts\/92","targetHints":{"allow":["GET"]}}],"collection":[{"href":"https:\/\/incobe.ch\/webblog\/index.php?rest_route=\/wp\/v2\/posts"}],"about":[{"href":"https:\/\/incobe.ch\/webblog\/index.php?rest_route=\/wp\/v2\/types\/post"}],"author":[{"embeddable":true,"href":"https:\/\/incobe.ch\/webblog\/index.php?rest_route=\/wp\/v2\/users\/2"}],"replies":[{"embeddable":true,"href":"https:\/\/incobe.ch\/webblog\/index.php?rest_route=%2Fwp%2Fv2%2Fcomments&post=92"}],"version-history":[{"count":0,"href":"https:\/\/incobe.ch\/webblog\/index.php?rest_route=\/wp\/v2\/posts\/92\/revisions"}],"wp:attachment":[{"href":"https:\/\/incobe.ch\/webblog\/index.php?rest_route=%2Fwp%2Fv2%2Fmedia&parent=92"}],"wp:term":[{"taxonomy":"category","embeddable":true,"href":"https:\/\/incobe.ch\/webblog\/index.php?rest_route=%2Fwp%2Fv2%2Fcategories&post=92"},{"taxonomy":"post_tag","embeddable":true,"href":"https:\/\/incobe.ch\/webblog\/index.php?rest_route=%2Fwp%2Fv2%2Ftags&post=92"}],"curies":[{"name":"wp","href":"https:\/\/api.w.org\/{rel}","templated":true}]}}