{"id":905,"date":"2011-09-24T13:43:12","date_gmt":"2011-09-24T12:43:12","guid":{"rendered":"http:\/\/incobe.ch\/webblog\/?p=905"},"modified":"2011-10-02T14:53:33","modified_gmt":"2011-10-02T13:53:33","slug":"e-bike-wochenende","status":"publish","type":"post","link":"https:\/\/incobe.ch\/webblog\/?p=905","title":{"rendered":"E-Bike Wochenende"},"content":{"rendered":"<h3>Langnau &#8211; L\u00fctzelfl\u00fch &#8211; Affoltern &#8211; Weier &#8211; Horn &#8211; Schonegg &#8211; Wyssachen &#8211; Eriswil<\/h3>\n<h5>36 km \/ 698 HM \/ 148 min<\/h5>\n<p><strong>&#8230; ist ist schon cheibe g\u00e4big &#8230;<\/strong><\/p>\n<p>&#8230;mal des E-Bikefeeling testen.<\/p>\n<p><a href=\"https:\/\/incobe.ch\/webblog\/wp-content\/uploads\/2011\/10\/IMG_1188.jpg\" target=\"_blank\"><img loading=\"lazy\" decoding=\"async\" class=\"size-medium wp-image-897 alignleft\" style=\"border: 1px solid black; margin: 10px;\" title=\"IMG_1188\" src=\"https:\/\/incobe.ch\/webblog\/wp-content\/uploads\/2011\/10\/IMG_1188-300x225.jpg\" alt=\"E-Bike on Tour\" width=\"300\" height=\"225\" srcset=\"https:\/\/incobe.ch\/webblog\/wp-content\/uploads\/2011\/10\/IMG_1188-300x225.jpg 300w, https:\/\/incobe.ch\/webblog\/wp-content\/uploads\/2011\/10\/IMG_1188.jpg 1024w\" sizes=\"auto, (max-width: 300px) 100vw, 300px\" \/><\/a>Nachdem ich immer ein bisschen skeptisch gegen\u00fcber den Elektrovelos gewesen war, habe ich dieses Wochenende die Chance wahrgenommen und so ein Teil auf Herz und Nieren getestet.<\/p>\n<p>Da wir als Familie nach Eriswil zum Br\u00e4teln eingeladen waren, habe ich die Strecke mit kleinen Umwegen unter die E-Biker\u00e4der genommen.<\/p>\n<p>Zum Fahrverhalten: Da der Bosch-Motor (250Watt) sehr tief platziert ist, habe ich das h\u00f6here Gewicht gar nicht bemerkt (ist aber f\u00fcr ein E-Bike bei den Leichtgewichten einzustufen, da ca. 21 kg schwer), die verschiedenen Fahrprogramme (Sport, Touren, Easy etc.) mit den verschiedenen Unterst\u00fctzungsstufen (30 bis 250%) lassen keine W\u00fcnsche offen. Die 10er Kasette hinten l\u00e4sst mir die M\u00f6glichkeit mehr oder weniger mitzutun ;-). Die Federung im Gabelschaftrohr hat die meisten Schl\u00e4ge locker wegged\u00e4mpft. Das Ger\u00e4t hat mich bis zu einem Tempo 25 km\/h unterst\u00fctzt.<\/p>\n<h3>Langnau &#8211; Z\u00e4ziwil &#8211; Langnau<\/h3>\n<h5>25 km \/ 150 HM \/ 60 min (26 km\/h Schnitt)<\/h5>\n<p>Am morgen mit Nachbar Heinz und unseren Rennern noch schnell die Z\u00e4ziwilrunde gefahren. Ist auch sch\u00f6n alles ohne Unterst\u00fctzung zu fahren&#8230;<\/p>\n<h3><\/h3>\n<h3>Langnau &#8211; Gibel &#8211; Oberr\u00e4mis &#8211; Langnau<\/h3>\n<h5>19 km \/ 469 HM \/ 54 min<\/h5>\n<p><a href=\"https:\/\/incobe.ch\/webblog\/wp-content\/uploads\/2011\/10\/IMG_1223.jpg\" target=\"_blank\"><img loading=\"lazy\" decoding=\"async\" class=\"alignleft size-medium wp-image-904\" style=\"border: 1px solid black; margin: 10px;\" title=\"IMG_1223\" src=\"https:\/\/incobe.ch\/webblog\/wp-content\/uploads\/2011\/10\/IMG_1223-300x225.jpg\" alt=\"ufem B\u00e4nkli z'Ober R\u00e4mis\" width=\"300\" height=\"225\" srcset=\"https:\/\/incobe.ch\/webblog\/wp-content\/uploads\/2011\/10\/IMG_1223-300x225.jpg 300w, https:\/\/incobe.ch\/webblog\/wp-content\/uploads\/2011\/10\/IMG_1223.jpg 1024w\" sizes=\"auto, (max-width: 300px) 100vw, 300px\" \/><\/a>Das Mann oder Frau auch mit einem E-Bike gefordert werden kann habe ich mit dieser Fahrt erfahren&#8230; Habe die Strecke soweit als M\u00f6glich an der Grenze der Unterst\u00fctzung gefahren und so einen Schnitt von 19.5 km\/h erreicht. Fahre ich die gleiche Strecke mit meinem Bike erreiche ich bis Oberr\u00e4mis etwa einen Schnitt von 10 km\/h, habe haber einen h\u00f6heren Pulsschnitt.<\/p>\n<p>Ein E-Bike ist f\u00fcr Solofahrten oder fahrten in Gruppen mit E-Bike eine sch\u00f6ne und angenehme Sache, man kommt in kurzer Zeit sehr weit und wird viel weniger gefordert als ohne Unterst\u00fctzung. Es war eine gute Erfahrung und wer weiss, es gibt noch andere Modelle&#8230;<\/p>\n<p>&nbsp;<\/p>\n<p>&nbsp;<\/p>\n<p>&nbsp;<\/p>\n<p><strong>Mein Dank f\u00fcr das &#8222;Testmodel&#8220; geht an <a title=\"Radsport Zaugg\" href=\"http:\/\/www.radsportzaugg.ch\/\" target=\"_blank\">Kurt Zaugg <\/a>die kompetente Beratung im Bereich aller Bike, Velos und E-Bikes.<\/strong><\/p>\n<p>&nbsp;<\/p>\n<p>&nbsp;<\/p>\n<p><!--more--><\/p>\nngg_shortcode_0_placeholder\n<p>&nbsp;<\/p>\n","protected":false},"excerpt":{"rendered":"<p>Langnau &#8211; L\u00fctzelfl\u00fch &#8211; Affoltern &#8211; Weier &#8211; Horn &#8211; Schonegg &#8211; Wyssachen &#8211; Eriswil 36 km \/ 698 HM \/ 148 min &#8230; ist ist schon cheibe g\u00e4big &#8230; &#8230;mal des E-Bikefeeling testen. Nachdem ich immer ein bisschen skeptisch gegen\u00fcber den Elektrovelos gewesen war, habe ich dieses Wochenende die Chance wahrgenommen und so ein &hellip; <\/p>\n<p><a class=\"more-link btn\" href=\"https:\/\/incobe.ch\/webblog\/?p=905\">Weiterlesen<\/a><\/p>\n","protected":false},"author":2,"featured_media":0,"comment_status":"open","ping_status":"closed","sticky":false,"template":"","format":"standard","meta":{"ngg_post_thumbnail":0,"footnotes":""},"categories":[3,5],"tags":[171,54,172,18,24],"class_list":["post-905","post","type-post","status-publish","format-standard","hentry","category-biken","category-solo","tag-e-bike","tag-eriswil","tag-radsport-zaugg","tag-ramis","tag-schonegg","item-wrap"],"jetpack_featured_media_url":"","_links":{"self":[{"href":"https:\/\/incobe.ch\/webblog\/index.php?rest_route=\/wp\/v2\/posts\/905","targetHints":{"allow":["GET"]}}],"collection":[{"href":"https:\/\/incobe.ch\/webblog\/index.php?rest_route=\/wp\/v2\/posts"}],"about":[{"href":"https:\/\/incobe.ch\/webblog\/index.php?rest_route=\/wp\/v2\/types\/post"}],"author":[{"embeddable":true,"href":"https:\/\/incobe.ch\/webblog\/index.php?rest_route=\/wp\/v2\/users\/2"}],"replies":[{"embeddable":true,"href":"https:\/\/incobe.ch\/webblog\/index.php?rest_route=%2Fwp%2Fv2%2Fcomments&post=905"}],"version-history":[{"count":13,"href":"https:\/\/incobe.ch\/webblog\/index.php?rest_route=\/wp\/v2\/posts\/905\/revisions"}],"predecessor-version":[{"id":907,"href":"https:\/\/incobe.ch\/webblog\/index.php?rest_route=\/wp\/v2\/posts\/905\/revisions\/907"}],"wp:attachment":[{"href":"https:\/\/incobe.ch\/webblog\/index.php?rest_route=%2Fwp%2Fv2%2Fmedia&parent=905"}],"wp:term":[{"taxonomy":"category","embeddable":true,"href":"https:\/\/incobe.ch\/webblog\/index.php?rest_route=%2Fwp%2Fv2%2Fcategories&post=905"},{"taxonomy":"post_tag","embeddable":true,"href":"https:\/\/incobe.ch\/webblog\/index.php?rest_route=%2Fwp%2Fv2%2Ftags&post=905"}],"curies":[{"name":"wp","href":"https:\/\/api.w.org\/{rel}","templated":true}]}}