{"id":833,"date":"2011-09-10T20:08:15","date_gmt":"2011-09-10T19:08:15","guid":{"rendered":"http:\/\/incobe.ch\/webblog\/?p=833"},"modified":"2011-11-21T21:18:25","modified_gmt":"2011-11-21T20:18:25","slug":"im-leukerbad-mal-mit-dem-bike","status":"publish","type":"post","link":"https:\/\/incobe.ch\/webblog\/?p=833","title":{"rendered":"im Leukerbad mal mit dem Bike"},"content":{"rendered":"<h3>Leukerbad &#8211; Albinen &#8211; Oberu &#8211; Rinderh\u00fctte (2310 M\u00fcM) &#8211; Leukerbad<\/h3>\n<h5>33 km \/ 1370 HM ansteigen \/ 890 HM an einem St\u00fcck runter<\/h5>\n<p><strong>&#8230; unsere sch\u00f6nste Biketour &#8230;<\/strong><\/p>\n<p>&#8230;bei sch\u00f6nstem Wetter.<\/p>\n<p>Im R\u00fcckblick eine super sch\u00f6ne Tour, w\u00e4hrend der Tour hart, warum? Vom Leukerbad bis Gutel-Feschel brachten wir um die 200 HM hinter uns, den 8.5 km langer stetiger Aufstieg von Guttel-Feschel nach Oberu mit 800 HM ist zwar das meiste auf Teerstrasse aber eben immer sch\u00f6n rauf, so sind die Batterien beim Wechsel auf die folgenden wundersch\u00f6nen Singeltrails bis nach Rinderh\u00fctte bei mir schon leer. So musste ich die meisten auch nur kurzen Anstiege schiebend hinter mich bringen. Doch das Ziel (Rinderh\u00fctte)\u00a0 habe ich erreicht.<\/p>\nngg_shortcode_0_placeholder\n<p>Nach der st\u00e4rkenden Pause mit Mars, Chips, Espresso, Cola, haben wir die Abfahrt nach Leukerbad unter die R\u00e4der genommen, fast 900 HM nur runter, haben die Bremsen zum gl\u00fchen gebracht und es hat mega gef\u00e4gt!<\/p>\nngg_shortcode_1_placeholder\n<p>Erholung im Burgerbad und feines Essen zum Znacht hat den super Tag abgeschlossen.<\/p>\n<p>Heute z&#8217;m\u00f6rgele und nacher in die Lindner Alpenthermen haben das super Wochenende mit Gabi, Marc und Cornelia abgeschlossen<\/p>\n<p>Het gf\u00e4gt!<\/p>\nngg_shortcode_2_placeholder\n","protected":false},"excerpt":{"rendered":"<p>Leukerbad &#8211; Albinen &#8211; Oberu &#8211; Rinderh\u00fctte (2310 M\u00fcM) &#8211; Leukerbad 33 km \/ 1370 HM ansteigen \/ 890 HM an einem St\u00fcck runter &#8230; unsere sch\u00f6nste Biketour &#8230; &#8230;bei sch\u00f6nstem Wetter. Im R\u00fcckblick eine super sch\u00f6ne Tour, w\u00e4hrend der Tour hart, warum? Vom Leukerbad bis Gutel-Feschel brachten wir um die 200 HM hinter uns, &hellip; <\/p>\n<p><a class=\"more-link btn\" href=\"https:\/\/incobe.ch\/webblog\/?p=833\">Weiterlesen<\/a><\/p>\n","protected":false},"author":2,"featured_media":0,"comment_status":"open","ping_status":"closed","sticky":false,"template":"","format":"standard","meta":{"ngg_post_thumbnail":0,"footnotes":""},"categories":[3,7],"tags":[168,169],"class_list":["post-833","post","type-post","status-publish","format-standard","hentry","category-biken","category-erwachsen","tag-leukerbad","tag-rinderhutte","item-wrap"],"jetpack_featured_media_url":"","_links":{"self":[{"href":"https:\/\/incobe.ch\/webblog\/index.php?rest_route=\/wp\/v2\/posts\/833","targetHints":{"allow":["GET"]}}],"collection":[{"href":"https:\/\/incobe.ch\/webblog\/index.php?rest_route=\/wp\/v2\/posts"}],"about":[{"href":"https:\/\/incobe.ch\/webblog\/index.php?rest_route=\/wp\/v2\/types\/post"}],"author":[{"embeddable":true,"href":"https:\/\/incobe.ch\/webblog\/index.php?rest_route=\/wp\/v2\/users\/2"}],"replies":[{"embeddable":true,"href":"https:\/\/incobe.ch\/webblog\/index.php?rest_route=%2Fwp%2Fv2%2Fcomments&post=833"}],"version-history":[{"count":12,"href":"https:\/\/incobe.ch\/webblog\/index.php?rest_route=\/wp\/v2\/posts\/833\/revisions"}],"predecessor-version":[{"id":835,"href":"https:\/\/incobe.ch\/webblog\/index.php?rest_route=\/wp\/v2\/posts\/833\/revisions\/835"}],"wp:attachment":[{"href":"https:\/\/incobe.ch\/webblog\/index.php?rest_route=%2Fwp%2Fv2%2Fmedia&parent=833"}],"wp:term":[{"taxonomy":"category","embeddable":true,"href":"https:\/\/incobe.ch\/webblog\/index.php?rest_route=%2Fwp%2Fv2%2Fcategories&post=833"},{"taxonomy":"post_tag","embeddable":true,"href":"https:\/\/incobe.ch\/webblog\/index.php?rest_route=%2Fwp%2Fv2%2Ftags&post=833"}],"curies":[{"name":"wp","href":"https:\/\/api.w.org\/{rel}","templated":true}]}}