{"id":8,"date":"2008-06-07T20:14:27","date_gmt":"2008-06-07T18:14:27","guid":{"rendered":"http:\/\/incobe.ch\/webblog\/?p=8"},"modified":"2008-07-17T16:07:25","modified_gmt":"2008-07-17T14:07:25","slug":"langnau-luderen-langnau","status":"publish","type":"post","link":"https:\/\/incobe.ch\/webblog\/?p=8","title":{"rendered":"Unsere erste Grobe&#8230;"},"content":{"rendered":"<h3>Langnau &#8211; Gohl &#8211; Kreuzh\u00f6he &#8211; R\u00e4mis &#8211; L\u00fcderen &#8211; Gohl &#8211; Langnau<\/h3>\n<h5>33km \/ 530HM \/ 240min<\/h5>\n<p>F\u00fcr einen Neueinsteiger doch recht happig&#8230;<\/p>\n<p><!--more--><\/p>\n<p>&#8230;aber sch\u00f6n<\/p>\n<p><a title=\"Da rauf...\" rel=\"lightbox\" href=\"http:\/\/incobe.ch\/markus_cms\/images\/stories\/luederen2008\/Luederen20080607-28.JPG\"><img loading=\"lazy\" decoding=\"async\" src=\"http:\/\/incobe.ch\/markus_cms\/images\/stories\/luederen2008\/Luederen20080607-28.JPG\" alt=\"Da rauf...\" width=\"275\" height=\"200\" \/><\/a><\/p>\n<p><a title=\"Da rauf...\" rel=\"lightbox\" href=\"http:\/\/incobe.ch\/markus_cms\/images\/stories\/luederen2008\/Luederen20080607-35.JPG\"><img loading=\"lazy\" decoding=\"async\" src=\"http:\/\/incobe.ch\/markus_cms\/images\/stories\/luederen2008\/Luederen20080607-35.JPG\" alt=\"Da rauf...\" width=\"275\" height=\"200\" \/><\/a><\/p>\n<p>Hier m\u00fcssen wir durch&#8230;<\/p>\n<p><a title=\"Da durch...\" rel=\"lightbox\" href=\"http:\/\/incobe.ch\/markus_cms\/images\/stories\/luederen2008\/Luederen20080607-39.JPG\"><img loading=\"lazy\" decoding=\"async\" src=\"http:\/\/incobe.ch\/markus_cms\/images\/stories\/luederen2008\/Luederen20080607-39.JPG\" alt=\"Da durch...\" width=\"275\" height=\"200\" \/><\/a><\/p>\n<p><a title=\"Die Strecke\" rel=\"lightbox\" href=\"http:\/\/incobe.ch\/markus_cms\/images\/stories\/luederen2008\/langnau_luederen.JPG\"><img loading=\"lazy\" decoding=\"async\" src=\"http:\/\/incobe.ch\/markus_cms\/images\/stories\/luederen2008\/langnau_luederen.JPG\" alt=\"Die Strecke\" width=\"200\" height=\"300\" \/><\/a><\/p>\n<p><a title=\"Das H\u00f6henprofil\" rel=\"lightbox\" href=\"http:\/\/incobe.ch\/markus_cms\/images\/stories\/luederen2008\/Langnau_Luederen_h.JPG\"><img loading=\"lazy\" decoding=\"async\" src=\"http:\/\/incobe.ch\/markus_cms\/images\/stories\/luederen2008\/Langnau_Luederen_h.JPG\" alt=\"Das H\u00f6henprofil\" width=\"275\" height=\"200\" \/><\/a><\/p>\n","protected":false},"excerpt":{"rendered":"<p>Langnau &#8211; Gohl &#8211; Kreuzh\u00f6he &#8211; R\u00e4mis &#8211; L\u00fcderen &#8211; Gohl &#8211; Langnau 33km \/ 530HM \/ 240min F\u00fcr einen Neueinsteiger doch recht happig&#8230;<\/p><p><a class=\"more-link btn\" href=\"https:\/\/incobe.ch\/webblog\/?p=8\">Weiterlesen<\/a><\/p>\n","protected":false},"author":1,"featured_media":0,"comment_status":"open","ping_status":"open","sticky":false,"template":"","format":"standard","meta":{"ngg_post_thumbnail":0,"footnotes":""},"categories":[3,7],"tags":[32,13],"class_list":["post-8","post","type-post","status-publish","format-standard","hentry","category-biken","category-erwachsen","tag-grobe-tour","tag-luderen","item-wrap"],"jetpack_featured_media_url":"","_links":{"self":[{"href":"https:\/\/incobe.ch\/webblog\/index.php?rest_route=\/wp\/v2\/posts\/8","targetHints":{"allow":["GET"]}}],"collection":[{"href":"https:\/\/incobe.ch\/webblog\/index.php?rest_route=\/wp\/v2\/posts"}],"about":[{"href":"https:\/\/incobe.ch\/webblog\/index.php?rest_route=\/wp\/v2\/types\/post"}],"author":[{"embeddable":true,"href":"https:\/\/incobe.ch\/webblog\/index.php?rest_route=\/wp\/v2\/users\/1"}],"replies":[{"embeddable":true,"href":"https:\/\/incobe.ch\/webblog\/index.php?rest_route=%2Fwp%2Fv2%2Fcomments&post=8"}],"version-history":[{"count":0,"href":"https:\/\/incobe.ch\/webblog\/index.php?rest_route=\/wp\/v2\/posts\/8\/revisions"}],"wp:attachment":[{"href":"https:\/\/incobe.ch\/webblog\/index.php?rest_route=%2Fwp%2Fv2%2Fmedia&parent=8"}],"wp:term":[{"taxonomy":"category","embeddable":true,"href":"https:\/\/incobe.ch\/webblog\/index.php?rest_route=%2Fwp%2Fv2%2Fcategories&post=8"},{"taxonomy":"post_tag","embeddable":true,"href":"https:\/\/incobe.ch\/webblog\/index.php?rest_route=%2Fwp%2Fv2%2Ftags&post=8"}],"curies":[{"name":"wp","href":"https:\/\/api.w.org\/{rel}","templated":true}]}}