{"id":73,"date":"2008-08-24T21:13:04","date_gmt":"2008-08-24T19:13:04","guid":{"rendered":"http:\/\/incobe.ch\/webblog\/?p=73"},"modified":"2008-08-26T22:23:43","modified_gmt":"2008-08-26T20:23:43","slug":"die-luderen-tour-mit-den-kinder","status":"publish","type":"post","link":"https:\/\/incobe.ch\/webblog\/?p=73","title":{"rendered":"Die L\u00fcderentour mit den Kinder"},"content":{"rendered":"<h3>Langnau-Gibel-Chammere-L\u00fcderen-Chammere-Oberfrittenbach-Langnau<\/h3>\n<h5>24 km \/ 600 HM \/  145 min<\/h5>\n<p><em><strong>Bei sch\u00f6nem Wetter mit den Kindern auf und \u00fcber die H\u00f6ger..<\/strong><\/em><\/p>\n<p>Bergkunde<\/p>\n<p><a title=\"Bergkunde\" rel=\"lightbox\" href=\"https:\/\/incobe.ch\/webblog\/wp-content\/myfotos\/luederen\/CIMG5909.JPG\"><img loading=\"lazy\" decoding=\"async\" src=\"https:\/\/incobe.ch\/webblog\/wp-content\/myfotos\/luederen\/CIMG5909.JPG\" alt=\"Bergkunde\" width=\"275\" height=\"200\" \/><\/a><\/p>\n<p>Steigf\u00e4higkeit des Bikes testen und Aussicht geniessen<\/p>\n<p><a title=\"Steigf\u00e4higkeit des Bikes testen\" rel=\"lightbox\" href=\"https:\/\/incobe.ch\/webblog\/wp-content\/myfotos\/luederen\/CIMG5913.JPG\"><img loading=\"lazy\" decoding=\"async\" src=\"https:\/\/incobe.ch\/webblog\/wp-content\/myfotos\/luederen\/CIMG5913.JPG\" alt=\"Steigf\u00e4higkeit des Bikes testen\" width=\"275\" height=\"200\" \/><\/a><\/p>\n<p><!--more--><\/p>\n<p>Ober R\u00e4mis<\/p>\n<p><a title=\"Ober R\u00e4mis\" rel=\"lightbox\" href=\"https:\/\/incobe.ch\/webblog\/wp-content\/myfotos\/luederen\/CIMG5931.JPG\"><img loading=\"lazy\" decoding=\"async\" src=\"https:\/\/incobe.ch\/webblog\/wp-content\/myfotos\/luederen\/CIMG5931.JPG\" alt=\"Ober R\u00e4mis\" width=\"275\" height=\"200\" \/><\/a><\/p>\n<p><a title=\"Ober R\u00e4mis\" rel=\"lightbox\" href=\"https:\/\/incobe.ch\/webblog\/wp-content\/myfotos\/luederen\/CIMG5932.JPG\"><img loading=\"lazy\" decoding=\"async\" src=\"https:\/\/incobe.ch\/webblog\/wp-content\/myfotos\/luederen\/CIMG5932.JPG\" alt=\"Ober R\u00e4mis\" width=\"275\" height=\"200\" \/><\/a><\/p>\n<p>Gruppenfoto bei Rafr\u00fcti (ohne Gusti)<\/p>\n<p><a title=\"bei Rafr\u00fcti\" rel=\"lightbox\" href=\"https:\/\/incobe.ch\/webblog\/wp-content\/myfotos\/luederen\/CIMG5937.JPG\"><img loading=\"lazy\" decoding=\"async\" src=\"https:\/\/incobe.ch\/webblog\/wp-content\/myfotos\/luederen\/CIMG5937.JPG\" alt=\"bei Rafr\u00fcti \" width=\"275\" height=\"200\" \/><\/a><\/p>\n<p>Gruppenfoto L\u00fcderenalp<\/p>\n<p><a title=\"Gruppenfoto L\u00fcderenalp\" rel=\"lightbox\" href=\"https:\/\/incobe.ch\/webblog\/wp-content\/myfotos\/luederen\/CIMG5941.JPG\"><img loading=\"lazy\" decoding=\"async\" src=\"https:\/\/incobe.ch\/webblog\/wp-content\/myfotos\/luederen\/CIMG5941.JPG\" alt=\"Gruppenfoto L\u00fcderenalp\" width=\"275\" height=\"200\" \/><\/a><\/p>\n<p>Aussicht Rafr\u00fcti (gegen Seeland)<\/p>\n<p><a title=\"Aussicht Rafr\u00fcti\" rel=\"lightbox\" href=\"https:\/\/incobe.ch\/webblog\/wp-content\/myfotos\/luederen\/CIMG5943.JPG\"><img loading=\"lazy\" decoding=\"async\" src=\"https:\/\/incobe.ch\/webblog\/wp-content\/myfotos\/luederen\/CIMG5943.JPG\" alt=\"Aussicht Rafr\u00fcti\" width=\"275\" height=\"200\" \/><\/a><\/p>\n<p>Bei Ober R\u00e4mis<\/p>\n<p><a title=\"Bei Ober R\u00e4mis\" rel=\"lightbox\" href=\"https:\/\/incobe.ch\/webblog\/wp-content\/myfotos\/luederen\/CIMG5951.JPG\"><img loading=\"lazy\" decoding=\"async\" src=\"https:\/\/incobe.ch\/webblog\/wp-content\/myfotos\/luederen\/CIMG5951.JPG\" alt=\"Bei Ober R\u00e4mis\" width=\"275\" height=\"200\" \/><\/a><\/p>\n<p><strong>Kurze Bemerkung zu meinem neuen Bike:<\/strong><br \/>\ngute Steigf\u00e4higkeit, wendig, sehr gute, fein dosierbare Bremsen, feudale Federung.<\/p>\n<div style='margin-top:2px;margin-bottom:2px;width:475px;font-family:Arial,Helvetica,sans-serif;font-size:9px;color:#535353;background-color:#ffffff;border:2px solid #2a88ac;font-style:normal;text-align:right;padding:0px;padding-bottom:3px !important;'><iframe width='475' height='492' border='0' src='http:\/\/www.bikemap.net\/route\/73875\/widget?width=475&amp;height=350&amp;extended=true&amp;maptype=0' frameborder='0' marginheight='0' marginwidth='0' scrolling='no'><\/iframe><br \/>Radroute <a style='color:#2a88ac; text-decoration:underline;' href='http:\/\/www.bikemap.net\/route\/73875'>73875<\/a> &#8211; powered by <a style='color:#2a88ac; text-decoration:underline;' href='http:\/\/www.bikemap.net'>Bikemap<\/a>&nbsp;<\/div>\n","protected":false},"excerpt":{"rendered":"<p>Langnau-Gibel-Chammere-L\u00fcderen-Chammere-Oberfrittenbach-Langnau 24 km \/ 600 HM \/ 145 min Bei sch\u00f6nem Wetter mit den Kindern auf und \u00fcber die H\u00f6ger.. Bergkunde Steigf\u00e4higkeit des Bikes testen und Aussicht geniessen<\/p><p><a class=\"more-link btn\" href=\"https:\/\/incobe.ch\/webblog\/?p=73\">Weiterlesen<\/a><\/p>\n","protected":false},"author":2,"featured_media":0,"comment_status":"open","ping_status":"open","sticky":false,"template":"","format":"standard","meta":{"ngg_post_thumbnail":0,"footnotes":""},"categories":[3,6],"tags":[50,13,52,47],"class_list":["post-73","post","type-post","status-publish","format-standard","hentry","category-biken","category-familie","tag-chammere","tag-luderen","tag-neues-bike","tag-oberfrittenbach","item-wrap"],"jetpack_featured_media_url":"","_links":{"self":[{"href":"https:\/\/incobe.ch\/webblog\/index.php?rest_route=\/wp\/v2\/posts\/73","targetHints":{"allow":["GET"]}}],"collection":[{"href":"https:\/\/incobe.ch\/webblog\/index.php?rest_route=\/wp\/v2\/posts"}],"about":[{"href":"https:\/\/incobe.ch\/webblog\/index.php?rest_route=\/wp\/v2\/types\/post"}],"author":[{"embeddable":true,"href":"https:\/\/incobe.ch\/webblog\/index.php?rest_route=\/wp\/v2\/users\/2"}],"replies":[{"embeddable":true,"href":"https:\/\/incobe.ch\/webblog\/index.php?rest_route=%2Fwp%2Fv2%2Fcomments&post=73"}],"version-history":[{"count":0,"href":"https:\/\/incobe.ch\/webblog\/index.php?rest_route=\/wp\/v2\/posts\/73\/revisions"}],"wp:attachment":[{"href":"https:\/\/incobe.ch\/webblog\/index.php?rest_route=%2Fwp%2Fv2%2Fmedia&parent=73"}],"wp:term":[{"taxonomy":"category","embeddable":true,"href":"https:\/\/incobe.ch\/webblog\/index.php?rest_route=%2Fwp%2Fv2%2Fcategories&post=73"},{"taxonomy":"post_tag","embeddable":true,"href":"https:\/\/incobe.ch\/webblog\/index.php?rest_route=%2Fwp%2Fv2%2Ftags&post=73"}],"curies":[{"name":"wp","href":"https:\/\/api.w.org\/{rel}","templated":true}]}}