{"id":52,"date":"2008-07-19T18:31:30","date_gmt":"2008-07-19T16:31:30","guid":{"rendered":"http:\/\/incobe.ch\/webblog\/?p=52"},"modified":"2008-07-30T22:32:23","modified_gmt":"2008-07-30T20:32:23","slug":"schonwettertour-auf-die-luderen","status":"publish","type":"post","link":"https:\/\/incobe.ch\/webblog\/?p=52","title":{"rendered":"Sch\u00f6nwettertour auf die L\u00fcderen"},"content":{"rendered":"<h3>Langnau-Gibel-R\u00e4mis-L\u00fcderen-Heimisbach-Ramsei-Langnau<\/h3>\n<h5>36.6 km \/ 660 HM \/ 190 min<\/h5>\n<p>Das erste Mal auf die L\u00fcderen war leicht verregnet und alles nebelbehangen, heute bei super sch\u00f6nem Wetter\u00a0hatte es gleich doppelt Freude gemacht.<\/p>\n<div style='margin-top:2px;margin-bottom:2px;width:475px;font-family:Arial,Helvetica,sans-serif;font-size:9px;color:#535353;background-color:#ffffff;border:2px solid #2a88ac;font-style:normal;text-align:right;padding:0px;padding-bottom:3px !important;'><iframe width='475' height='492' border='0' src='http:\/\/www.bikemap.net\/route\/53261\/widget?width=475&amp;height=350&amp;extended=true&amp;maptype=0' frameborder='0' marginheight='0' marginwidth='0' scrolling='no'><\/iframe><br \/>Radroute <a style='color:#2a88ac; text-decoration:underline;' href='http:\/\/www.bikemap.net\/route\/53261'>53261<\/a> &#8211; powered by <a style='color:#2a88ac; text-decoration:underline;' href='http:\/\/www.bikemap.net'>Bikemap<\/a>&nbsp;<\/div>\n<p><!--more--><\/p>\n<p><a title=\"Knapp vor dem h\u00f6chsten Punkt\" rel=\"lightbox\" href=\"https:\/\/incobe.ch\/webblog\/wp-content\/myfotos\/luederen\/luederen05.JPG\"><img loading=\"lazy\" decoding=\"async\" src=\"https:\/\/incobe.ch\/webblog\/wp-content\/myfotos\/luederen\/luederen05.JPG\" alt=\"Knapp vor dem h\u00f6chsten Punkt\" width=\"275\" height=\"200\" \/><\/a><\/p>\n<p><a title=\"So sch\u00f6n!!!\" rel=\"lightbox\" href=\"https:\/\/incobe.ch\/webblog\/wp-content\/myfotos\/luederen\/luederen06.JPG\"><img loading=\"lazy\" decoding=\"async\" src=\"https:\/\/incobe.ch\/webblog\/wp-content\/myfotos\/luederen\/luederen06.JPG\" alt=\"So sch\u00f6n!!!!\" width=\"275\" height=\"200\" \/><\/a><\/p>\n<p>Auf dem Heimweg gegen Trachselwald<\/p>\n<p><a title=\"nach links Weg\" rel=\"lightbox\" href=\"https:\/\/incobe.ch\/webblog\/wp-content\/myfotos\/luederen\/luederen07.JPG\"><img loading=\"lazy\" decoding=\"async\" src=\"https:\/\/incobe.ch\/webblog\/wp-content\/myfotos\/luederen\/luederen07.JPG\" alt=\"nach links Weg\" width=\"275\" height=\"200\" \/><\/a><\/p>\n<p><a title=\"So sch\u00f6n!!!\" rel=\"lightbox\" href=\"https:\/\/incobe.ch\/webblog\/wp-content\/myfotos\/luederen\/luederen08.JPG\"><img loading=\"lazy\" decoding=\"async\" src=\"https:\/\/incobe.ch\/webblog\/wp-content\/myfotos\/luederen\/luederen08.JPG\" alt=\"So sch\u00f6n!!!!\" width=\"275\" height=\"200\" \/><\/a><\/p>\n<p><a title=\"So sch\u00f6n!!!\" rel=\"lightbox\" href=\"https:\/\/incobe.ch\/webblog\/wp-content\/myfotos\/luederen\/luederen09.JPG\"><img loading=\"lazy\" decoding=\"async\" src=\"https:\/\/incobe.ch\/webblog\/wp-content\/myfotos\/luederen\/luederen09.JPG\" alt=\"So sch\u00f6n!!!!\" width=\"275\" height=\"200\" \/><\/a><\/p>\n<p><a title=\"So sch\u00f6n!!!\" rel=\"lightbox\" href=\"https:\/\/incobe.ch\/webblog\/wp-content\/myfotos\/luederen\/luederen10.JPG\"><img loading=\"lazy\" decoding=\"async\" src=\"https:\/\/incobe.ch\/webblog\/wp-content\/myfotos\/luederen\/luederen10.JPG\" alt=\"So sch\u00f6n!!!!\" width=\"275\" height=\"200\" \/><\/a><\/p>\n<p><a title=\"So sch\u00f6n!!!\" rel=\"lightbox\" href=\"https:\/\/incobe.ch\/webblog\/wp-content\/myfotos\/luederen\/luederen11.JPG\"><img loading=\"lazy\" decoding=\"async\" src=\"https:\/\/incobe.ch\/webblog\/wp-content\/myfotos\/luederen\/luederen11.JPG\" alt=\"So sch\u00f6n!!!!\" width=\"275\" height=\"200\" \/><\/a><\/p>\n<p><a title=\"So sch\u00f6n!!!\" rel=\"lightbox\" href=\"https:\/\/incobe.ch\/webblog\/wp-content\/myfotos\/luederen\/luederen12.JPG\"><img loading=\"lazy\" decoding=\"async\" src=\"https:\/\/incobe.ch\/webblog\/wp-content\/myfotos\/luederen\/luederen12.JPG\" alt=\"So sch\u00f6n!!!!\" width=\"275\" height=\"200\" \/><\/a><\/p>\n","protected":false},"excerpt":{"rendered":"<p>Langnau-Gibel-R\u00e4mis-L\u00fcderen-Heimisbach-Ramsei-Langnau 36.6 km \/ 660 HM \/ 190 min Das erste Mal auf die L\u00fcderen war leicht verregnet und alles nebelbehangen, heute bei super sch\u00f6nem Wetter\u00a0hatte es gleich doppelt Freude gemacht. Radroute 53261 &#8211; powered by Bikemap&nbsp;<\/p><p><a class=\"more-link btn\" href=\"https:\/\/incobe.ch\/webblog\/?p=52\">Weiterlesen<\/a><\/p>\n","protected":false},"author":2,"featured_media":0,"comment_status":"open","ping_status":"open","sticky":false,"template":"","format":"standard","meta":{"ngg_post_thumbnail":0,"footnotes":""},"categories":[3,7],"tags":[13],"class_list":["post-52","post","type-post","status-publish","format-standard","hentry","category-biken","category-erwachsen","tag-luderen","item-wrap"],"jetpack_featured_media_url":"","_links":{"self":[{"href":"https:\/\/incobe.ch\/webblog\/index.php?rest_route=\/wp\/v2\/posts\/52","targetHints":{"allow":["GET"]}}],"collection":[{"href":"https:\/\/incobe.ch\/webblog\/index.php?rest_route=\/wp\/v2\/posts"}],"about":[{"href":"https:\/\/incobe.ch\/webblog\/index.php?rest_route=\/wp\/v2\/types\/post"}],"author":[{"embeddable":true,"href":"https:\/\/incobe.ch\/webblog\/index.php?rest_route=\/wp\/v2\/users\/2"}],"replies":[{"embeddable":true,"href":"https:\/\/incobe.ch\/webblog\/index.php?rest_route=%2Fwp%2Fv2%2Fcomments&post=52"}],"version-history":[{"count":0,"href":"https:\/\/incobe.ch\/webblog\/index.php?rest_route=\/wp\/v2\/posts\/52\/revisions"}],"wp:attachment":[{"href":"https:\/\/incobe.ch\/webblog\/index.php?rest_route=%2Fwp%2Fv2%2Fmedia&parent=52"}],"wp:term":[{"taxonomy":"category","embeddable":true,"href":"https:\/\/incobe.ch\/webblog\/index.php?rest_route=%2Fwp%2Fv2%2Fcategories&post=52"},{"taxonomy":"post_tag","embeddable":true,"href":"https:\/\/incobe.ch\/webblog\/index.php?rest_route=%2Fwp%2Fv2%2Ftags&post=52"}],"curies":[{"name":"wp","href":"https:\/\/api.w.org\/{rel}","templated":true}]}}