{"id":41,"date":"2008-07-05T21:21:27","date_gmt":"2008-07-05T19:21:27","guid":{"rendered":"http:\/\/incobe.ch\/webblog\/?p=41"},"modified":"2008-08-05T22:28:17","modified_gmt":"2008-08-05T20:28:17","slug":"schone-tour-uber-die-howacht","status":"publish","type":"post","link":"https:\/\/incobe.ch\/webblog\/?p=41","title":{"rendered":"Sch\u00f6ne Tour \u00fcber die Hochwacht"},"content":{"rendered":"<h3>Langnau &#8211; Gartegg-Hochwacht-Hegenloch-Blapbach-Kr\u00fcmpelm\u00f6sli-Langnau<\/h3>\n<h5>26 km \/ 645 HM \/ 150 min<\/h5>\n<p>Knapp vor dem Start auf die sch\u00f6ne Tour<\/p>\n<p><a title=\"vor dem Start\" rel=\"lightbox\" href=\"https:\/\/incobe.ch\/webblog\/wp-content\/myfotos\/loch2008\/loch_2.JPG\"><img loading=\"lazy\" decoding=\"async\" src=\"https:\/\/incobe.ch\/webblog\/wp-content\/myfotos\/loch2008\/loch_2.JPG\" alt=\"vor dem Start\" width=\"275\" height=\"200\" \/><\/a><\/p>\n<p>\u00a0<\/p>\n<p><!--more--><\/p>\n<p>Die ersten sch\u00f6nen Aussichten<\/p>\n<p><a title=\"Aussichten\" rel=\"lightbox\" href=\"https:\/\/incobe.ch\/webblog\/wp-content\/myfotos\/loch2008\/loch_9.JPG\"><img loading=\"lazy\" decoding=\"async\" src=\"https:\/\/incobe.ch\/webblog\/wp-content\/myfotos\/loch2008\/loch_9.JPG\" alt=\"Aussichten\" width=\"275\" height=\"200\" \/><\/a><\/p>\n<p><a title=\"Aussichten\" rel=\"lightbox\" href=\"https:\/\/incobe.ch\/webblog\/wp-content\/myfotos\/loch2008\/loch_20.JPG\"><img loading=\"lazy\" decoding=\"async\" src=\"https:\/\/incobe.ch\/webblog\/wp-content\/myfotos\/loch2008\/loch_20.JPG\" alt=\"Aussichten\" width=\"275\" height=\"200\" \/><\/a><\/p>\n<p><a title=\"Aussichten\" rel=\"lightbox\" href=\"https:\/\/incobe.ch\/webblog\/wp-content\/myfotos\/loch2008\/loch_23.JPG\"><img loading=\"lazy\" decoding=\"async\" src=\"https:\/\/incobe.ch\/webblog\/wp-content\/myfotos\/loch2008\/loch_23.JPG\" alt=\"Aussichten\" width=\"275\" height=\"200\" \/><\/a><\/p>\n<p>Unser Team<\/p>\n<p><a title=\"Team\" rel=\"lightbox\" href=\"https:\/\/incobe.ch\/webblog\/wp-content\/myfotos\/loch2008\/loch_17.JPG\"><img loading=\"lazy\" decoding=\"async\" src=\"https:\/\/incobe.ch\/webblog\/wp-content\/myfotos\/loch2008\/loch_17.JPG\" alt=\"Team\" width=\"275\" height=\"200\" \/><\/a><\/p>\n<p><a title=\"Team\" rel=\"lightbox\" href=\"https:\/\/incobe.ch\/webblog\/wp-content\/myfotos\/loch2008\/loch_10.JPG\"><img loading=\"lazy\" decoding=\"async\" src=\"https:\/\/incobe.ch\/webblog\/wp-content\/myfotos\/loch2008\/loch_10.JPG\" alt=\"Team\" width=\"275\" height=\"200\" \/><\/a><\/p>\n<p><a title=\"Lagekarte\" rel=\"lightbox\" href=\"https:\/\/incobe.ch\/webblog\/wp-content\/myfotos\/loch2008\/loch_l.JPG\"><img loading=\"lazy\" decoding=\"async\" src=\"https:\/\/incobe.ch\/webblog\/wp-content\/myfotos\/loch2008\/loch_l.JPG\" alt=\"Lagekarte\" width=\"275\" height=\"200\" \/><\/a><\/p>\n<p><a title=\"H\u00f6henprofil\" rel=\"lightbox\" href=\"https:\/\/incobe.ch\/webblog\/wp-content\/myfotos\/loch2008\/loch_h.JPG\"><img loading=\"lazy\" decoding=\"async\" src=\"https:\/\/incobe.ch\/webblog\/wp-content\/myfotos\/loch2008\/loch_h.JPG\" alt=\"H\u00f6henprofil\" width=\"275\" height=\"200\" \/><\/a><\/p>\n","protected":false},"excerpt":{"rendered":"<p>Langnau &#8211; Gartegg-Hochwacht-Hegenloch-Blapbach-Kr\u00fcmpelm\u00f6sli-Langnau 26 km \/ 645 HM \/ 150 min Knapp vor dem Start auf die sch\u00f6ne Tour \u00a0<\/p><p><a class=\"more-link btn\" href=\"https:\/\/incobe.ch\/webblog\/?p=41\">Weiterlesen<\/a><\/p>\n","protected":false},"author":2,"featured_media":0,"comment_status":"open","ping_status":"open","sticky":false,"template":"","format":"standard","meta":{"ngg_post_thumbnail":0,"footnotes":""},"categories":[3,7],"tags":[31],"class_list":["post-41","post","type-post","status-publish","format-standard","hentry","category-biken","category-erwachsen","tag-hochwacht","item-wrap"],"jetpack_featured_media_url":"","_links":{"self":[{"href":"https:\/\/incobe.ch\/webblog\/index.php?rest_route=\/wp\/v2\/posts\/41","targetHints":{"allow":["GET"]}}],"collection":[{"href":"https:\/\/incobe.ch\/webblog\/index.php?rest_route=\/wp\/v2\/posts"}],"about":[{"href":"https:\/\/incobe.ch\/webblog\/index.php?rest_route=\/wp\/v2\/types\/post"}],"author":[{"embeddable":true,"href":"https:\/\/incobe.ch\/webblog\/index.php?rest_route=\/wp\/v2\/users\/2"}],"replies":[{"embeddable":true,"href":"https:\/\/incobe.ch\/webblog\/index.php?rest_route=%2Fwp%2Fv2%2Fcomments&post=41"}],"version-history":[{"count":0,"href":"https:\/\/incobe.ch\/webblog\/index.php?rest_route=\/wp\/v2\/posts\/41\/revisions"}],"wp:attachment":[{"href":"https:\/\/incobe.ch\/webblog\/index.php?rest_route=%2Fwp%2Fv2%2Fmedia&parent=41"}],"wp:term":[{"taxonomy":"category","embeddable":true,"href":"https:\/\/incobe.ch\/webblog\/index.php?rest_route=%2Fwp%2Fv2%2Fcategories&post=41"},{"taxonomy":"post_tag","embeddable":true,"href":"https:\/\/incobe.ch\/webblog\/index.php?rest_route=%2Fwp%2Fv2%2Ftags&post=41"}],"curies":[{"name":"wp","href":"https:\/\/api.w.org\/{rel}","templated":true}]}}