{"id":346,"date":"2009-07-01T22:23:28","date_gmt":"2009-07-01T21:23:28","guid":{"rendered":"http:\/\/incobe.ch\/webblog\/?p=346"},"modified":"2011-03-07T11:26:20","modified_gmt":"2011-03-07T10:26:20","slug":"ausflug-an-den-etang-de-la-gruere","status":"publish","type":"post","link":"https:\/\/incobe.ch\/webblog\/?p=346","title":{"rendered":"Ausflug an den Etang de la Gru\u00e8re"},"content":{"rendered":"<h3>Montfaucon-Pr\u00e9 Petitjean-Les Cerlatez-Pr\u00e9 Petitjean-Montfaucon<\/h3>\n<h5>28 km \/ 570 HM \/ 163 min<\/h5>\n<p><strong>&#8230;mit dem Spaziergang um den See&#8230;<\/strong><\/p>\n<p>&#8230; das war ein Besuch wert!!<\/p>\n<p>&#8230;wieder alle unterwegs<br \/>\n<a title=\"...wieder alle unterwegs...\" rel=\"lightbox\" href=\"https:\/\/incobe.ch\/webblog\/wp-content\/photos\/20090701\/Etang_(7).JPG\"><img loading=\"lazy\" decoding=\"async\" src=\"https:\/\/incobe.ch\/webblog\/wp-content\/photos\/20090701\/Etang_(7).JPG\" alt=\"...wieder alle unterwegs...\" width=\"275\" height=\"200\" \/><\/a><\/p>\n<p>&#8230;am See<br \/>\n<a title=\"...am See...\" rel=\"lightbox\" href=\"https:\/\/incobe.ch\/webblog\/wp-content\/photos\/20090701\/Etang_(33).JPG\"><img loading=\"lazy\" decoding=\"async\" src=\"https:\/\/incobe.ch\/webblog\/wp-content\/photos\/20090701\/Etang_(33).JPG\" alt=\"...am See...\" width=\"200\" height=\"275\" \/><\/a><\/p>\n<p>&#8230;die Zecke (enteckt von Dominik)<br \/>\n<a title=\"...die Zecke...\" rel=\"lightbox\" href=\"https:\/\/incobe.ch\/webblog\/wp-content\/photos\/20090701\/Etang_(58).JPG\"><img loading=\"lazy\" decoding=\"async\" src=\"https:\/\/incobe.ch\/webblog\/wp-content\/photos\/20090701\/Etang_(58).JPG\" alt=\"...die Zecke...\" width=\"275\" height=\"200\" \/><\/a><\/p>\n<p>&#8230;der See<br \/>\n<a title=\"...der See...\" rel=\"lightbox\" href=\"https:\/\/incobe.ch\/webblog\/wp-content\/photos\/20090701\/Etang_(35).JPG\"><img loading=\"lazy\" decoding=\"async\" src=\"https:\/\/incobe.ch\/webblog\/wp-content\/photos\/20090701\/Etang_(35).JPG\" alt=\"...der See...\" width=\"275\" height=\"200\" \/><\/a><\/p>\n<p><!--more--><\/p>\nngg_shortcode_0_placeholder\n","protected":false},"excerpt":{"rendered":"<p>Montfaucon-Pr\u00e9 Petitjean-Les Cerlatez-Pr\u00e9 Petitjean-Montfaucon 28 km \/ 570 HM \/ 163 min &#8230;mit dem Spaziergang um den See&#8230; &#8230; das war ein Besuch wert!! &#8230;wieder alle unterwegs &#8230;am See &#8230;die Zecke (enteckt von Dominik) &#8230;der See<\/p><p><a class=\"more-link btn\" href=\"https:\/\/incobe.ch\/webblog\/?p=346\">Weiterlesen<\/a><\/p>\n","protected":false},"author":2,"featured_media":0,"comment_status":"open","ping_status":"open","sticky":false,"template":"","format":"standard","meta":{"ngg_post_thumbnail":0,"footnotes":""},"categories":[3,6],"tags":[94],"class_list":["post-346","post","type-post","status-publish","format-standard","hentry","category-biken","category-familie","tag-jura","item-wrap"],"jetpack_featured_media_url":"","_links":{"self":[{"href":"https:\/\/incobe.ch\/webblog\/index.php?rest_route=\/wp\/v2\/posts\/346","targetHints":{"allow":["GET"]}}],"collection":[{"href":"https:\/\/incobe.ch\/webblog\/index.php?rest_route=\/wp\/v2\/posts"}],"about":[{"href":"https:\/\/incobe.ch\/webblog\/index.php?rest_route=\/wp\/v2\/types\/post"}],"author":[{"embeddable":true,"href":"https:\/\/incobe.ch\/webblog\/index.php?rest_route=\/wp\/v2\/users\/2"}],"replies":[{"embeddable":true,"href":"https:\/\/incobe.ch\/webblog\/index.php?rest_route=%2Fwp%2Fv2%2Fcomments&post=346"}],"version-history":[{"count":5,"href":"https:\/\/incobe.ch\/webblog\/index.php?rest_route=\/wp\/v2\/posts\/346\/revisions"}],"predecessor-version":[{"id":688,"href":"https:\/\/incobe.ch\/webblog\/index.php?rest_route=\/wp\/v2\/posts\/346\/revisions\/688"}],"wp:attachment":[{"href":"https:\/\/incobe.ch\/webblog\/index.php?rest_route=%2Fwp%2Fv2%2Fmedia&parent=346"}],"wp:term":[{"taxonomy":"category","embeddable":true,"href":"https:\/\/incobe.ch\/webblog\/index.php?rest_route=%2Fwp%2Fv2%2Fcategories&post=346"},{"taxonomy":"post_tag","embeddable":true,"href":"https:\/\/incobe.ch\/webblog\/index.php?rest_route=%2Fwp%2Fv2%2Ftags&post=346"}],"curies":[{"name":"wp","href":"https:\/\/api.w.org\/{rel}","templated":true}]}}