{"id":329,"date":"2009-07-08T21:20:27","date_gmt":"2009-07-08T20:20:27","guid":{"rendered":"http:\/\/incobe.ch\/webblog\/?p=329"},"modified":"2009-07-09T10:16:33","modified_gmt":"2009-07-09T09:16:33","slug":"besuch-bei-der-naturfreundehutte","status":"publish","type":"post","link":"https:\/\/incobe.ch\/webblog\/?p=329","title":{"rendered":"Besuch bei der Naturfreundeh\u00fctte"},"content":{"rendered":"<h3>Langnau-Ramsei-Wasen-Naturfreundeh\u00fctte-Wasen-L\u00fcderen-Langnau<\/h3>\n<h5>55 km \/ 1062 HM \/ 227 min<\/h5>\n<p><strong>&#8230;nicht so sch\u00f6nes Wetter&#8230;<\/strong><\/p>\n<p>&#8230; aber angenehm zu fahren!!<\/p>\n<p><a title=\"Bei der Naturfreundeh\u00fctte...\" rel=\"lightbox\" href=\"https:\/\/incobe.ch\/webblog\/wp-content\/photos\/20090708\/20090708_1 (8).JPG\"><img loading=\"lazy\" decoding=\"async\" src=\"https:\/\/incobe.ch\/webblog\/wp-content\/photos\/20090708\/20090708_1 (8).JPG\" alt=\"Bei der Naturfreundeh\u00fctte...\" width=\"275\" height=\"200\" \/><\/a><\/p>\n<p><a title=\"Bei der Naturfreundeh\u00fctte...\" rel=\"lightbox\" href=\"https:\/\/incobe.ch\/webblog\/wp-content\/photos\/20090708\/20090708_1 (6).JPG\"><img loading=\"lazy\" decoding=\"async\" src=\"https:\/\/incobe.ch\/webblog\/wp-content\/photos\/20090708\/20090708_1 (6).JPG\" alt=\"Bei der Naturfreundeh\u00fctte...\" width=\"275\" height=\"200\" \/><\/a><\/p>\n<p><a title=\"Bei der Naturfreundeh\u00fctte...\" rel=\"lightbox\" href=\"https:\/\/incobe.ch\/webblog\/wp-content\/photos\/20090708\/20090708_1 (3).JPG\"><img loading=\"lazy\" decoding=\"async\" src=\"https:\/\/incobe.ch\/webblog\/wp-content\/photos\/20090708\/20090708_1 (3).JPG\" alt=\"Bei der Naturfreundeh\u00fctte...\" width=\"275\" height=\"200\" \/><\/a><\/p>\n<p><a title=\"Bei der Naturfreundeh\u00fctte...\" rel=\"lightbox\" href=\"https:\/\/incobe.ch\/webblog\/wp-content\/photos\/20090708\/20090708_1 (4).JPG\"><img loading=\"lazy\" decoding=\"async\" src=\"https:\/\/incobe.ch\/webblog\/wp-content\/photos\/20090708\/20090708_1 (4).JPG\" alt=\"Bei der Naturfreundeh\u00fctte...\" width=\"275\" height=\"200\" \/><\/a><\/p>\n","protected":false},"excerpt":{"rendered":"<p>Langnau-Ramsei-Wasen-Naturfreundeh\u00fctte-Wasen-L\u00fcderen-Langnau 55 km \/ 1062 HM \/ 227 min &#8230;nicht so sch\u00f6nes Wetter&#8230; &#8230; aber angenehm zu fahren!!<\/p>\n","protected":false},"author":2,"featured_media":0,"comment_status":"open","ping_status":"open","sticky":false,"template":"","format":"standard","meta":{"ngg_post_thumbnail":0,"footnotes":""},"categories":[3,7],"tags":[95],"class_list":["post-329","post","type-post","status-publish","format-standard","hentry","category-biken","category-erwachsen","tag-naturfreundehutte","item-wrap"],"jetpack_featured_media_url":"","_links":{"self":[{"href":"https:\/\/incobe.ch\/webblog\/index.php?rest_route=\/wp\/v2\/posts\/329","targetHints":{"allow":["GET"]}}],"collection":[{"href":"https:\/\/incobe.ch\/webblog\/index.php?rest_route=\/wp\/v2\/posts"}],"about":[{"href":"https:\/\/incobe.ch\/webblog\/index.php?rest_route=\/wp\/v2\/types\/post"}],"author":[{"embeddable":true,"href":"https:\/\/incobe.ch\/webblog\/index.php?rest_route=\/wp\/v2\/users\/2"}],"replies":[{"embeddable":true,"href":"https:\/\/incobe.ch\/webblog\/index.php?rest_route=%2Fwp%2Fv2%2Fcomments&post=329"}],"version-history":[{"count":2,"href":"https:\/\/incobe.ch\/webblog\/index.php?rest_route=\/wp\/v2\/posts\/329\/revisions"}],"predecessor-version":[{"id":355,"href":"https:\/\/incobe.ch\/webblog\/index.php?rest_route=\/wp\/v2\/posts\/329\/revisions\/355"}],"wp:attachment":[{"href":"https:\/\/incobe.ch\/webblog\/index.php?rest_route=%2Fwp%2Fv2%2Fmedia&parent=329"}],"wp:term":[{"taxonomy":"category","embeddable":true,"href":"https:\/\/incobe.ch\/webblog\/index.php?rest_route=%2Fwp%2Fv2%2Fcategories&post=329"},{"taxonomy":"post_tag","embeddable":true,"href":"https:\/\/incobe.ch\/webblog\/index.php?rest_route=%2Fwp%2Fv2%2Ftags&post=329"}],"curies":[{"name":"wp","href":"https:\/\/api.w.org\/{rel}","templated":true}]}}