{"id":238,"date":"2009-04-19T20:19:13","date_gmt":"2009-04-19T19:19:13","guid":{"rendered":"http:\/\/incobe.ch\/webblog\/?p=238"},"modified":"2009-04-19T20:36:51","modified_gmt":"2009-04-19T19:36:51","slug":"sonntagstour-3","status":"publish","type":"post","link":"https:\/\/incobe.ch\/webblog\/?p=238","title":{"rendered":"Sonntagstour"},"content":{"rendered":"<h3>Langnau-H\u00e4melbach-Sch\u00fcpbach-Gartegg-Kreuzh\u00f6he-Langnau<\/h3>\n<h5>32 km \/ 445 HM \/ 122 min<\/h5>\n<p><strong>&#8230;jetzt geht&#8217;s los&#8230;<\/strong><\/p>\n<p>&#8230;Langsam bl\u00fchen im Emmental die Str\u00e4ucher und B\u00e4ume, die ersten Blumen spriessen.<br \/>\nKleiderm\u00e4ssig muss man nicht mehr so viel mitschlepen.<\/p>\n<p><a title=\"Kreuzh\u00f6he...\" rel=\"lightbox\" href=\"https:\/\/incobe.ch\/webblog\/wp-content\/photos\/Haemelbach_20090419\/Kreuzhoehe_2009_04_ (1).JPG\"><img loading=\"lazy\" decoding=\"async\" src=\"https:\/\/incobe.ch\/webblog\/wp-content\/photos\/Haemelbach_20090419\/Kreuzhoehe_2009_04_ (1).JPG\" alt=\"Kreuzh\u00f6he...\" width=\"275\" height=\"200\" \/><\/a><\/p>\n<p><!--more--><\/p>\n<p><a title=\"Kreuzh\u00f6he...\" rel=\"lightbox\" href=\"https:\/\/incobe.ch\/webblog\/wp-content\/photos\/Haemelbach_20090419\/Kreuzhoehe_2009_04_ (3).JPG\"><img loading=\"lazy\" decoding=\"async\" src=\"https:\/\/incobe.ch\/webblog\/wp-content\/photos\/Haemelbach_20090419\/Kreuzhoehe_2009_04_ (3).JPG\" alt=\"Kreuzh\u00f6he...\" width=\"275\" height=\"200\" \/><\/a><\/p>\n<p><a title=\"Kreuzh\u00f6he...\" rel=\"lightbox\" href=\"https:\/\/incobe.ch\/webblog\/wp-content\/photos\/Haemelbach_20090419\/Kreuzhoehe_2009_04_ (7).JPG\"><img loading=\"lazy\" decoding=\"async\" src=\"https:\/\/incobe.ch\/webblog\/wp-content\/photos\/Haemelbach_20090419\/Kreuzhoehe_2009_04_ (7).JPG\" alt=\"Kreuzh\u00f6he...\" width=\"275\" height=\"200\" \/><\/a><\/p>\n<p><a title=\"Kreuzh\u00f6he...\" rel=\"lightbox\" href=\"https:\/\/incobe.ch\/webblog\/wp-content\/photos\/Haemelbach_20090419\/Kreuzhoehe_2009_04_ (8).JPG\"><img loading=\"lazy\" decoding=\"async\" src=\"https:\/\/incobe.ch\/webblog\/wp-content\/photos\/Haemelbach_20090419\/Kreuzhoehe_2009_04_ (8).JPG\" alt=\"Kreuzh\u00f6he...\" width=\"275\" height=\"200\" \/><\/a><\/p>\n","protected":false},"excerpt":{"rendered":"<p>Langnau-H\u00e4melbach-Sch\u00fcpbach-Gartegg-Kreuzh\u00f6he-Langnau 32 km \/ 445 HM \/ 122 min &#8230;jetzt geht&#8217;s los&#8230; &#8230;Langsam bl\u00fchen im Emmental die Str\u00e4ucher und B\u00e4ume, die ersten Blumen spriessen. Kleiderm\u00e4ssig muss man nicht mehr so viel mitschlepen.<\/p><p><a class=\"more-link btn\" href=\"https:\/\/incobe.ch\/webblog\/?p=238\">Weiterlesen<\/a><\/p>\n","protected":false},"author":2,"featured_media":0,"comment_status":"open","ping_status":"closed","sticky":false,"template":"","format":"standard","meta":{"ngg_post_thumbnail":0,"footnotes":""},"categories":[3,5],"tags":[17],"class_list":["post-238","post","type-post","status-publish","format-standard","hentry","category-biken","category-solo","tag-tour-de-hamelbach","item-wrap"],"jetpack_featured_media_url":"","_links":{"self":[{"href":"https:\/\/incobe.ch\/webblog\/index.php?rest_route=\/wp\/v2\/posts\/238","targetHints":{"allow":["GET"]}}],"collection":[{"href":"https:\/\/incobe.ch\/webblog\/index.php?rest_route=\/wp\/v2\/posts"}],"about":[{"href":"https:\/\/incobe.ch\/webblog\/index.php?rest_route=\/wp\/v2\/types\/post"}],"author":[{"embeddable":true,"href":"https:\/\/incobe.ch\/webblog\/index.php?rest_route=\/wp\/v2\/users\/2"}],"replies":[{"embeddable":true,"href":"https:\/\/incobe.ch\/webblog\/index.php?rest_route=%2Fwp%2Fv2%2Fcomments&post=238"}],"version-history":[{"count":5,"href":"https:\/\/incobe.ch\/webblog\/index.php?rest_route=\/wp\/v2\/posts\/238\/revisions"}],"predecessor-version":[{"id":240,"href":"https:\/\/incobe.ch\/webblog\/index.php?rest_route=\/wp\/v2\/posts\/238\/revisions\/240"}],"wp:attachment":[{"href":"https:\/\/incobe.ch\/webblog\/index.php?rest_route=%2Fwp%2Fv2%2Fmedia&parent=238"}],"wp:term":[{"taxonomy":"category","embeddable":true,"href":"https:\/\/incobe.ch\/webblog\/index.php?rest_route=%2Fwp%2Fv2%2Fcategories&post=238"},{"taxonomy":"post_tag","embeddable":true,"href":"https:\/\/incobe.ch\/webblog\/index.php?rest_route=%2Fwp%2Fv2%2Ftags&post=238"}],"curies":[{"name":"wp","href":"https:\/\/api.w.org\/{rel}","templated":true}]}}