{"id":1888,"date":"2013-07-20T15:30:45","date_gmt":"2013-07-20T14:30:45","guid":{"rendered":"http:\/\/incobe.ch\/webblog\/?p=1888"},"modified":"2013-07-22T21:23:33","modified_gmt":"2013-07-22T20:23:33","slug":"zum-dritten-mal-an-der-emmental-rundfahrt","status":"publish","type":"post","link":"https:\/\/incobe.ch\/webblog\/?p=1888","title":{"rendered":"Zum dritten mal an der Emmental Rundfahrt"},"content":{"rendered":"<h3>mit dem Zug hin und per Bike zur\u00fcck<\/h3>\n<h5>100 km \/ 1257 HM \/ 5 h 49 min<\/h5>\n<p><strong>Utzentorf-Oeschberg-Burgdorf-L\u00fctzelfl\u00fch-Trachselwald-Sumiswald-Affoltern-H\u00e4cklingen-Ferrenberg-Wynigen-Ochlenberg-Kirchberg-Burgdorf<\/strong><\/p>\n<p>Zeitig aufstehen, mit dem Zug auf Utzentorf und von da aus mit dem Bike gestartet.<\/p>\n<p>Die MTB-Runde konnte ich diese Jahr locker durchfahren, so dass es soger f\u00fcr die Heimfahrt gereicht hat.<\/p>\n<div id=\"attachment_1903\" style=\"width: 300px\" class=\"wp-caption aligncenter\"><a href=\"https:\/\/incobe.ch\/webblog\/wp-content\/uploads\/2013\/07\/IMG_5988.jpg\"><img loading=\"lazy\" decoding=\"async\" aria-describedby=\"caption-attachment-1903\" src=\"https:\/\/incobe.ch\/webblog\/wp-content\/uploads\/2013\/07\/IMG_5988-300x168.jpg\" alt=\"Nachbar Stefan beim Tanken...\" width=\"300\" height=\"168\" class=\"size-medium wp-image-1903\" srcset=\"https:\/\/incobe.ch\/webblog\/wp-content\/uploads\/2013\/07\/IMG_5988-300x168.jpg 300w, https:\/\/incobe.ch\/webblog\/wp-content\/uploads\/2013\/07\/IMG_5988-1024x575.jpg 1024w, https:\/\/incobe.ch\/webblog\/wp-content\/uploads\/2013\/07\/IMG_5988.jpg 1600w\" sizes=\"auto, (max-width: 300px) 100vw, 300px\" \/><\/a><p id=\"caption-attachment-1903\" class=\"wp-caption-text\">Nachbar Stefan beim Tanken&#8230;<\/p><\/div>\n<p>W\u00e4hrend der Heimfahrt von Ochlenberg hatte ich die Idee mit Stefan mithalten zu m\u00fcssen (isch nid guet gsii). Bin aber trotzdem mit eigener Kraft heimgekommen.<\/p>\n<p>Merci Marc und Stefan het gf\u00e4gt!<\/p>\n","protected":false},"excerpt":{"rendered":"<p>mit dem Zug hin und per Bike zur\u00fcck 100 km \/ 1257 HM \/ 5 h 49 min Utzentorf-Oeschberg-Burgdorf-L\u00fctzelfl\u00fch-Trachselwald-Sumiswald-Affoltern-H\u00e4cklingen-Ferrenberg-Wynigen-Ochlenberg-Kirchberg-Burgdorf Zeitig aufstehen, mit dem Zug auf Utzentorf und von da aus mit dem Bike gestartet. Die MTB-Runde konnte ich diese Jahr locker durchfahren, so dass es soger f\u00fcr die Heimfahrt gereicht hat. W\u00e4hrend der Heimfahrt von &hellip; <\/p>\n<p><a class=\"more-link btn\" href=\"https:\/\/incobe.ch\/webblog\/?p=1888\">Weiterlesen<\/a><\/p>\n","protected":false},"author":2,"featured_media":0,"comment_status":"open","ping_status":"closed","sticky":false,"template":"","format":"standard","meta":{"ngg_post_thumbnail":0,"footnotes":""},"categories":[3,7],"tags":[141],"class_list":["post-1888","post","type-post","status-publish","format-standard","hentry","category-biken","category-erwachsen","tag-emmental-rundfahrt","item-wrap"],"jetpack_featured_media_url":"","_links":{"self":[{"href":"https:\/\/incobe.ch\/webblog\/index.php?rest_route=\/wp\/v2\/posts\/1888","targetHints":{"allow":["GET"]}}],"collection":[{"href":"https:\/\/incobe.ch\/webblog\/index.php?rest_route=\/wp\/v2\/posts"}],"about":[{"href":"https:\/\/incobe.ch\/webblog\/index.php?rest_route=\/wp\/v2\/types\/post"}],"author":[{"embeddable":true,"href":"https:\/\/incobe.ch\/webblog\/index.php?rest_route=\/wp\/v2\/users\/2"}],"replies":[{"embeddable":true,"href":"https:\/\/incobe.ch\/webblog\/index.php?rest_route=%2Fwp%2Fv2%2Fcomments&post=1888"}],"version-history":[{"count":4,"href":"https:\/\/incobe.ch\/webblog\/index.php?rest_route=\/wp\/v2\/posts\/1888\/revisions"}],"predecessor-version":[{"id":1905,"href":"https:\/\/incobe.ch\/webblog\/index.php?rest_route=\/wp\/v2\/posts\/1888\/revisions\/1905"}],"wp:attachment":[{"href":"https:\/\/incobe.ch\/webblog\/index.php?rest_route=%2Fwp%2Fv2%2Fmedia&parent=1888"}],"wp:term":[{"taxonomy":"category","embeddable":true,"href":"https:\/\/incobe.ch\/webblog\/index.php?rest_route=%2Fwp%2Fv2%2Fcategories&post=1888"},{"taxonomy":"post_tag","embeddable":true,"href":"https:\/\/incobe.ch\/webblog\/index.php?rest_route=%2Fwp%2Fv2%2Ftags&post=1888"}],"curies":[{"name":"wp","href":"https:\/\/api.w.org\/{rel}","templated":true}]}}