{"id":1720,"date":"2013-06-02T21:06:59","date_gmt":"2013-06-02T20:06:59","guid":{"rendered":"http:\/\/incobe.ch\/webblog\/?p=1720"},"modified":"2013-06-03T09:27:42","modified_gmt":"2013-06-03T08:27:42","slug":"buchibargmarathon-2013","status":"publish","type":"post","link":"https:\/\/incobe.ch\/webblog\/?p=1720","title":{"rendered":"Buchib\u00e4rgmarathon 2013"},"content":{"rendered":"<h3>sind doch noch gestartet<\/h3>\n<h5>100 km \/ 1099 HM \/ 6h 29min<\/h5>\n<p><strong>Buechib\u00e4rgmarathon-Biberist-Utzenstorf-Burgdorf-Langnau<\/strong><\/p>\n<p>Da das Wetter in der letzten Zeit nicht das macht was es sollte, haben wir uns heute morgen erst nach eingehender Pr\u00fcfung des Regenradars entschlossen nach Zuchwil zu fahren um den Marathon (53km, ca. 800 Hm) unter die R\u00e4der zu nehmen. Vor dem Start habe ich mich noch kurz mit <a href=\"http:\/\/blog.spoony.ch\/\" title=\"Spoony's Bike Blog\" target=\"_blank\">Spoony<\/a> auf eine kurze Unterhaltung getroffen. Ist doch sch\u00f6n einander mal live zu treffen!.<\/p>\n<p>Wir waren eine grosse Gruppe und sind die Runde gem\u00e4chlich angegangen.<\/p>\n<p>Einige heikle Streckenabschnitte wurden heute umfahren und so ist das meiste fahrbar gewesen. Sicher hat es viele matschige St\u00fccke gehabt, doch hatte ich es mir schlimmer vorgestellt. Die zwei Verpflegungsposten haben uns mit Getr\u00e4nk, Bananen und sonstigen Leckerein bei Kr\u00e4ften gehalten.<\/p>\n<div id=\"attachment_1722\" style=\"width: 1600px\" class=\"wp-caption aligncenter\"><a href=\"https:\/\/incobe.ch\/webblog\/wp-content\/uploads\/2013\/06\/IMG_5559.jpg\"><img loading=\"lazy\" decoding=\"async\" aria-describedby=\"caption-attachment-1722\" src=\"https:\/\/incobe.ch\/webblog\/wp-content\/uploads\/2013\/06\/IMG_5559.jpg\" alt=\"kurze Pause von Lukas\" width=\"1600\" height=\"899\" class=\"size-full wp-image-1722\" srcset=\"https:\/\/incobe.ch\/webblog\/wp-content\/uploads\/2013\/06\/IMG_5559.jpg 1600w, https:\/\/incobe.ch\/webblog\/wp-content\/uploads\/2013\/06\/IMG_5559-300x168.jpg 300w, https:\/\/incobe.ch\/webblog\/wp-content\/uploads\/2013\/06\/IMG_5559-1024x575.jpg 1024w\" sizes=\"auto, (max-width: 1600px) 100vw, 1600px\" \/><\/a><p id=\"caption-attachment-1722\" class=\"wp-caption-text\">kurze Pause von Lukas<\/p><\/div>\n<p>Das Wetter war gut bis sehr gut und die Runde hat&#8230; <!--more--><\/p>\n<p>&#8230;allen (ich hoffes es) Spass gemacht.<\/p>\n<div id=\"attachment_1725\" style=\"width: 1600px\" class=\"wp-caption aligncenter\"><a href=\"https:\/\/incobe.ch\/webblog\/wp-content\/uploads\/2013\/06\/IMG_5566.jpg\"><img loading=\"lazy\" decoding=\"async\" aria-describedby=\"caption-attachment-1725\" src=\"https:\/\/incobe.ch\/webblog\/wp-content\/uploads\/2013\/06\/IMG_5566.jpg\" alt=\"ein nachher Foto\" width=\"1600\" height=\"899\" class=\"size-full wp-image-1725\" srcset=\"https:\/\/incobe.ch\/webblog\/wp-content\/uploads\/2013\/06\/IMG_5566.jpg 1600w, https:\/\/incobe.ch\/webblog\/wp-content\/uploads\/2013\/06\/IMG_5566-300x168.jpg 300w, https:\/\/incobe.ch\/webblog\/wp-content\/uploads\/2013\/06\/IMG_5566-1024x575.jpg 1024w\" sizes=\"auto, (max-width: 1600px) 100vw, 1600px\" \/><\/a><p id=\"caption-attachment-1725\" class=\"wp-caption-text\">ein nachher Foto<\/p><\/div>\n<p>Lukas hat das Tempo locker mitgehalten, Roland hat die ganze Runde geschafft!, Gabi und Marc haben bei mir den Eindruck erweckt als trainieren sie heimlich&#8230; <\/p>\n<p>Da das Wetter gut und meine Beine auch noch fit, habe ich die Heimfahrt via Bike gestartet, mich haben eine Absperrungen erwartet und \u00fcberall wo ein Fl\u00fcsschen oder ein Bach war zeigten die Spuren am Ufer wie heftig die Regenf\u00e4lle in den letzten Tagen waren. <\/p>\nngg_shortcode_0_placeholder\n<p><iframe width='465' height='548' frameborder='0' src='http:\/\/connect.garmin.com:80\/activity\/embed\/321888994'><\/iframe><\/p>\n","protected":false},"excerpt":{"rendered":"<p>sind doch noch gestartet 100 km \/ 1099 HM \/ 6h 29min Buechib\u00e4rgmarathon-Biberist-Utzenstorf-Burgdorf-Langnau Da das Wetter in der letzten Zeit nicht das macht was es sollte, haben wir uns heute morgen erst nach eingehender Pr\u00fcfung des Regenradars entschlossen nach Zuchwil zu fahren um den Marathon (53km, ca. 800 Hm) unter die R\u00e4der zu nehmen. Vor &hellip; <\/p>\n<p><a class=\"more-link btn\" href=\"https:\/\/incobe.ch\/webblog\/?p=1720\">Weiterlesen<\/a><\/p>\n","protected":false},"author":2,"featured_media":0,"comment_status":"open","ping_status":"closed","sticky":false,"template":"","format":"standard","meta":{"ngg_post_thumbnail":0,"footnotes":""},"categories":[3,7,6],"tags":[259,201,260],"class_list":["post-1720","post","type-post","status-publish","format-standard","hentry","category-biken","category-erwachsen","category-familie","tag-buechibarg","tag-buechiberg","tag-stockli","item-wrap"],"jetpack_featured_media_url":"","_links":{"self":[{"href":"https:\/\/incobe.ch\/webblog\/index.php?rest_route=\/wp\/v2\/posts\/1720","targetHints":{"allow":["GET"]}}],"collection":[{"href":"https:\/\/incobe.ch\/webblog\/index.php?rest_route=\/wp\/v2\/posts"}],"about":[{"href":"https:\/\/incobe.ch\/webblog\/index.php?rest_route=\/wp\/v2\/types\/post"}],"author":[{"embeddable":true,"href":"https:\/\/incobe.ch\/webblog\/index.php?rest_route=\/wp\/v2\/users\/2"}],"replies":[{"embeddable":true,"href":"https:\/\/incobe.ch\/webblog\/index.php?rest_route=%2Fwp%2Fv2%2Fcomments&post=1720"}],"version-history":[{"count":9,"href":"https:\/\/incobe.ch\/webblog\/index.php?rest_route=\/wp\/v2\/posts\/1720\/revisions"}],"predecessor-version":[{"id":1737,"href":"https:\/\/incobe.ch\/webblog\/index.php?rest_route=\/wp\/v2\/posts\/1720\/revisions\/1737"}],"wp:attachment":[{"href":"https:\/\/incobe.ch\/webblog\/index.php?rest_route=%2Fwp%2Fv2%2Fmedia&parent=1720"}],"wp:term":[{"taxonomy":"category","embeddable":true,"href":"https:\/\/incobe.ch\/webblog\/index.php?rest_route=%2Fwp%2Fv2%2Fcategories&post=1720"},{"taxonomy":"post_tag","embeddable":true,"href":"https:\/\/incobe.ch\/webblog\/index.php?rest_route=%2Fwp%2Fv2%2Ftags&post=1720"}],"curies":[{"name":"wp","href":"https:\/\/api.w.org\/{rel}","templated":true}]}}