{"id":1293,"date":"2012-09-02T16:19:10","date_gmt":"2012-09-02T15:19:10","guid":{"rendered":"http:\/\/incobe.ch\/webblog\/?p=1293"},"modified":"2012-09-02T16:24:37","modified_gmt":"2012-09-02T15:24:37","slug":"unterwegs-ans-hornusserfest","status":"publish","type":"post","link":"https:\/\/incobe.ch\/webblog\/?p=1293","title":{"rendered":"Unterwegs ans Hornusserfest"},"content":{"rendered":"<h3>erste &#8222;Herbsttour&#8220;<\/h3>\n<h5>58 km \/ 575 HM \/ 3 h 35 min<\/h5>\n<p><strong>Langnau-Ramsei-H\u00e4usernmoos-M\u00fchleweg-Lueg-Burgdorf-Langnau<\/strong><\/p>\n<p>bei frischem Wetter, aber ohne Regen unterwegs an Unterwegs ans Interkantonale Hornusserfest nach H\u00e4usermoos\/D\u00fcrrenroth, Lukas erreicht mit seiner Manschaft den superguten dritten Rang! und schl\u00e4gt sein bestes Resultat an einem Anlass in seiner doch kurzen &#8222;Hornusskariere&#8220; Gratuliere!<\/p>\n<div id=\"attachment_1294\" style=\"width: 300px\" class=\"wp-caption aligncenter\"><a href=\"https:\/\/incobe.ch\/webblog\/wp-content\/uploads\/2012\/09\/IMG_3574.jpg\"><img loading=\"lazy\" decoding=\"async\" aria-describedby=\"caption-attachment-1294\" src=\"https:\/\/incobe.ch\/webblog\/wp-content\/uploads\/2012\/09\/IMG_3574-300x168.jpg\" alt=\"\" title=\"IMG_3574\" width=\"300\" height=\"168\" class=\"size-medium wp-image-1294\" srcset=\"https:\/\/incobe.ch\/webblog\/wp-content\/uploads\/2012\/09\/IMG_3574-300x168.jpg 300w, https:\/\/incobe.ch\/webblog\/wp-content\/uploads\/2012\/09\/IMG_3574-1024x576.jpg 1024w, https:\/\/incobe.ch\/webblog\/wp-content\/uploads\/2012\/09\/IMG_3574.jpg 1200w\" sizes=\"auto, (max-width: 300px) 100vw, 300px\" \/><\/a><p id=\"caption-attachment-1294\" class=\"wp-caption-text\">Blick von oben auf die vielen Hornuss-Ries<\/p><\/div>\n<p>weiter bin ich nachher Richtung M\u00fchleweg-Lueg-Kaltacker-via Planetenweg nach Burgdorf<\/p>\n<div id=\"attachment_1295\" style=\"width: 300px\" class=\"wp-caption aligncenter\"><a href=\"https:\/\/incobe.ch\/webblog\/wp-content\/uploads\/2012\/09\/IMG_3591.jpg\"><img loading=\"lazy\" decoding=\"async\" aria-describedby=\"caption-attachment-1295\" src=\"https:\/\/incobe.ch\/webblog\/wp-content\/uploads\/2012\/09\/IMG_3591-300x168.jpg\" alt=\"\" title=\"IMG_3591\" width=\"300\" height=\"168\" class=\"size-medium wp-image-1295\" srcset=\"https:\/\/incobe.ch\/webblog\/wp-content\/uploads\/2012\/09\/IMG_3591-300x168.jpg 300w, https:\/\/incobe.ch\/webblog\/wp-content\/uploads\/2012\/09\/IMG_3591-1024x576.jpg 1024w, https:\/\/incobe.ch\/webblog\/wp-content\/uploads\/2012\/09\/IMG_3591.jpg 1200w\" sizes=\"auto, (max-width: 300px) 100vw, 300px\" \/><\/a><p id=\"caption-attachment-1295\" class=\"wp-caption-text\">Unsere Erde mit Blick zur Sonne<\/p><\/div>\n<p>mit guten Beinen z\u00fcgig nach Hause, isch \u00e4 sch\u00f6ne Tag gsii<\/p>\n<p><!--more--><\/p>\nngg_shortcode_0_placeholder\n","protected":false},"excerpt":{"rendered":"<p>erste &#8222;Herbsttour&#8220; 58 km \/ 575 HM \/ 3 h 35 min Langnau-Ramsei-H\u00e4usernmoos-M\u00fchleweg-Lueg-Burgdorf-Langnau bei frischem Wetter, aber ohne Regen unterwegs an Unterwegs ans Interkantonale Hornusserfest nach H\u00e4usermoos\/D\u00fcrrenroth, Lukas erreicht mit seiner Manschaft den superguten dritten Rang! und schl\u00e4gt sein bestes Resultat an einem Anlass in seiner doch kurzen &#8222;Hornusskariere&#8220; Gratuliere! weiter bin ich nachher Richtung &hellip; <\/p>\n<p><a class=\"more-link btn\" href=\"https:\/\/incobe.ch\/webblog\/?p=1293\">Weiterlesen<\/a><\/p>\n","protected":false},"author":2,"featured_media":0,"comment_status":"open","ping_status":"closed","sticky":false,"template":"","format":"standard","meta":{"ngg_post_thumbnail":0,"footnotes":""},"categories":[3,7,5],"tags":[204,205,174,225],"class_list":["post-1293","post","type-post","status-publish","format-standard","hentry","category-biken","category-erwachsen","category-solo","tag-hornussen","tag-junghornussen","tag-kaltacker","tag-muhleweg","item-wrap"],"jetpack_featured_media_url":"","_links":{"self":[{"href":"https:\/\/incobe.ch\/webblog\/index.php?rest_route=\/wp\/v2\/posts\/1293","targetHints":{"allow":["GET"]}}],"collection":[{"href":"https:\/\/incobe.ch\/webblog\/index.php?rest_route=\/wp\/v2\/posts"}],"about":[{"href":"https:\/\/incobe.ch\/webblog\/index.php?rest_route=\/wp\/v2\/types\/post"}],"author":[{"embeddable":true,"href":"https:\/\/incobe.ch\/webblog\/index.php?rest_route=\/wp\/v2\/users\/2"}],"replies":[{"embeddable":true,"href":"https:\/\/incobe.ch\/webblog\/index.php?rest_route=%2Fwp%2Fv2%2Fcomments&post=1293"}],"version-history":[{"count":3,"href":"https:\/\/incobe.ch\/webblog\/index.php?rest_route=\/wp\/v2\/posts\/1293\/revisions"}],"predecessor-version":[{"id":1298,"href":"https:\/\/incobe.ch\/webblog\/index.php?rest_route=\/wp\/v2\/posts\/1293\/revisions\/1298"}],"wp:attachment":[{"href":"https:\/\/incobe.ch\/webblog\/index.php?rest_route=%2Fwp%2Fv2%2Fmedia&parent=1293"}],"wp:term":[{"taxonomy":"category","embeddable":true,"href":"https:\/\/incobe.ch\/webblog\/index.php?rest_route=%2Fwp%2Fv2%2Fcategories&post=1293"},{"taxonomy":"post_tag","embeddable":true,"href":"https:\/\/incobe.ch\/webblog\/index.php?rest_route=%2Fwp%2Fv2%2Ftags&post=1293"}],"curies":[{"name":"wp","href":"https:\/\/api.w.org\/{rel}","templated":true}]}}