{"id":1151,"date":"2012-05-20T09:37:08","date_gmt":"2012-05-20T08:37:08","guid":{"rendered":"http:\/\/incobe.ch\/webblog\/?p=1151"},"modified":"2012-05-23T08:09:32","modified_gmt":"2012-05-23T07:09:32","slug":"stockli-buechibarg-marathon","status":"publish","type":"post","link":"https:\/\/incobe.ch\/webblog\/?p=1151","title":{"rendered":"St\u00f6ckli Buechib\u00e4rg Marathon"},"content":{"rendered":"<h3>uf und ume Buechib\u00e4rg (SO)<\/h3>\n<h5>53 km \/ 800 HM \/ 240 min<\/h5>\n<p><strong>&#8230; ou Solothurnberge si sch\u00f6n &#8230;<\/strong><\/p>\n<p>Nachdem meine Frau wegen R\u00fcckenschmerzen nicht am Marathon teilnehmen konnte, hat sich Dominik entschlossen mit mir, Cousin Marc, einigen Arbeitskollegen von Marc und <a href=\"http:\/\/martinastraehl.ch\/\" title=\"Martina Str\u00e4hl, Europameisterin Berglauf 2011\" target=\"_blank\">Martina Str\u00e4hl<\/a> die Tour zu fahren. Locker sind wir in die uns unbekannte Strecke gestartet, haben an dem sch\u00f6nen Wetter und an den angenehmen Begleiter freude gehabt&#8230;<\/p>\n<div id=\"attachment_1155\" style=\"width: 300px\" class=\"wp-caption aligncenter\"><a href=\"https:\/\/incobe.ch\/webblog\/wp-content\/uploads\/2012\/05\/IMG_2563.jpg\"><img loading=\"lazy\" decoding=\"async\" aria-describedby=\"caption-attachment-1155\" src=\"https:\/\/incobe.ch\/webblog\/wp-content\/uploads\/2012\/05\/IMG_2563-300x225.jpg\" alt=\"\" title=\"IMG_2563\" width=\"300\" height=\"225\" class=\"size-medium wp-image-1155\" srcset=\"https:\/\/incobe.ch\/webblog\/wp-content\/uploads\/2012\/05\/IMG_2563-300x225.jpg 300w, https:\/\/incobe.ch\/webblog\/wp-content\/uploads\/2012\/05\/IMG_2563-1024x768.jpg 1024w, https:\/\/incobe.ch\/webblog\/wp-content\/uploads\/2012\/05\/IMG_2563.jpg 1200w\" sizes=\"auto, (max-width: 300px) 100vw, 300px\" \/><\/a><p id=\"caption-attachment-1155\" class=\"wp-caption-text\">Ou hie hesi sch\u00f6ni Ussicht<\/p><\/div>\n<p>Mit anderen 781 Biker\/In haben wir die super organisierte Rundfahrt genossen, die zwei Verpflegungsposten haben Bananan und sonstige Kraftnahrung bereitgehalten und so sind wir ohne Hungerast und Unfall am Ziel angekommen.<\/p>\n<div id=\"attachment_1156\" style=\"width: 300px\" class=\"wp-caption aligncenter\"><a href=\"https:\/\/incobe.ch\/webblog\/wp-content\/uploads\/2012\/05\/MVI_2565.jpg\"><img loading=\"lazy\" decoding=\"async\" aria-describedby=\"caption-attachment-1156\" src=\"https:\/\/incobe.ch\/webblog\/wp-content\/uploads\/2012\/05\/MVI_2565-300x225.jpg\" alt=\"\" title=\"MVI_2565\" width=\"300\" height=\"225\" class=\"size-medium wp-image-1156\" srcset=\"https:\/\/incobe.ch\/webblog\/wp-content\/uploads\/2012\/05\/MVI_2565-300x225.jpg 300w, https:\/\/incobe.ch\/webblog\/wp-content\/uploads\/2012\/05\/MVI_2565.jpg 640w\" sizes=\"auto, (max-width: 300px) 100vw, 300px\" \/><\/a><p id=\"caption-attachment-1156\" class=\"wp-caption-text\">Im ersten Aufstieg<\/p><\/div>\n<p>Die gottlob trockenen kurzen Trails und die Schlussabfahrt waren eine der H\u00f6hepunkte dieser Fahrt, es het gf\u00e4gt und der Termin f\u00fcr&#8217;s n\u00e4chste Jahr ist schon reserviert. <\/p>\n<p>Das feine Essen bei Marc und Gabi waren das T\u00fcpfli auf dem i und haben den Tag richtig abgerundet, danke es isch immer richtig sch\u00f6n bi Euch,  \ud83d\ude09<\/p>\n<p><!--more--><\/p>\nngg_shortcode_0_placeholder\n<p><iframe width='465' height='548' frameborder='0' src='http:\/\/connect.garmin.com:80\/activity\/embed\/180234676'><\/iframe><\/p>\n","protected":false},"excerpt":{"rendered":"<p>uf und ume Buechib\u00e4rg (SO) 53 km \/ 800 HM \/ 240 min &#8230; ou Solothurnberge si sch\u00f6n &#8230; Nachdem meine Frau wegen R\u00fcckenschmerzen nicht am Marathon teilnehmen konnte, hat sich Dominik entschlossen mit mir, Cousin Marc, einigen Arbeitskollegen von Marc und Martina Str\u00e4hl die Tour zu fahren. Locker sind wir in die uns unbekannte &hellip; <\/p>\n<p><a class=\"more-link btn\" href=\"https:\/\/incobe.ch\/webblog\/?p=1151\">Weiterlesen<\/a><\/p>\n","protected":false},"author":2,"featured_media":0,"comment_status":"open","ping_status":"closed","sticky":false,"template":"","format":"standard","meta":{"ngg_post_thumbnail":0,"footnotes":""},"categories":[3,7],"tags":[198,201,199,200],"class_list":["post-1151","post","type-post","status-publish","format-standard","hentry","category-biken","category-erwachsen","tag-buechegg","tag-buechiberg","tag-marathon","tag-martina-strahl","item-wrap"],"jetpack_featured_media_url":"","_links":{"self":[{"href":"https:\/\/incobe.ch\/webblog\/index.php?rest_route=\/wp\/v2\/posts\/1151","targetHints":{"allow":["GET"]}}],"collection":[{"href":"https:\/\/incobe.ch\/webblog\/index.php?rest_route=\/wp\/v2\/posts"}],"about":[{"href":"https:\/\/incobe.ch\/webblog\/index.php?rest_route=\/wp\/v2\/types\/post"}],"author":[{"embeddable":true,"href":"https:\/\/incobe.ch\/webblog\/index.php?rest_route=\/wp\/v2\/users\/2"}],"replies":[{"embeddable":true,"href":"https:\/\/incobe.ch\/webblog\/index.php?rest_route=%2Fwp%2Fv2%2Fcomments&post=1151"}],"version-history":[{"count":8,"href":"https:\/\/incobe.ch\/webblog\/index.php?rest_route=\/wp\/v2\/posts\/1151\/revisions"}],"predecessor-version":[{"id":1154,"href":"https:\/\/incobe.ch\/webblog\/index.php?rest_route=\/wp\/v2\/posts\/1151\/revisions\/1154"}],"wp:attachment":[{"href":"https:\/\/incobe.ch\/webblog\/index.php?rest_route=%2Fwp%2Fv2%2Fmedia&parent=1151"}],"wp:term":[{"taxonomy":"category","embeddable":true,"href":"https:\/\/incobe.ch\/webblog\/index.php?rest_route=%2Fwp%2Fv2%2Fcategories&post=1151"},{"taxonomy":"post_tag","embeddable":true,"href":"https:\/\/incobe.ch\/webblog\/index.php?rest_route=%2Fwp%2Fv2%2Ftags&post=1151"}],"curies":[{"name":"wp","href":"https:\/\/api.w.org\/{rel}","templated":true}]}}